{"id":10103,"date":"2025-04-01T08:57:41","date_gmt":"2025-04-01T06:57:41","guid":{"rendered":"https:\/\/www.victoriadressel.de\/?p=10103"},"modified":"2025-04-01T08:57:42","modified_gmt":"2025-04-01T06:57:42","slug":"inner-child-workshop","status":"publish","type":"post","link":"https:\/\/www.victoriadressel.de\/en\/2025\/04\/01\/inner-child-workshop\/","title":{"rendered":"INNER CHILD WORKSHOP"},"content":{"rendered":"<p>Ist dir bewusst, das manche Themen &amp; Geschichten scheinbar immer wieder in deinem Leben auftauchen, sich wiederholen? Wenn du genau hinschaust, findest du dieses Thema, diese Verletzung auf mannigfaltige Weise wieder. Sie wiederholt sich, ohne dass es dir bewusst ist, denn sie geh\u00f6rt mittlerweile zu deiner Identifikation. Sie ist dir so nahe, dass du sie selbst gar nicht mehr sehen kannst.&nbsp;<\/p>\n\n\n\n<p>Ob es das Gef\u00fchl ist, nie verstanden zu werden, das Gef\u00fchl, nie genug zu sein, es nicht wert zu sein \u2013 diese Glaubenss\u00e4tze sind tief verwoben mit unserem Charakter, unserer Pers\u00f6nlichkeit. Wir haben vergessen, dass sie entstanden sind, aufgrund unserer Erfahrungen, die weit in der Kindheit zur\u00fcckliegen. Was ist dein zentrales Thema? Das werden wir erforschen.<\/p>\n\n\n\n<p>Ich lade dich ein auf diese Reise! Wir werden herausarbeiten, was dein&nbsp;inneres Kind und dein damit zentral verbundenes Thema ist. Dies beinhaltet in der zweiten H\u00e4lfte des Workshops ein Emotional Group Release. In diesem Prozess ist es dir m\u00f6glich, alle damit verbundenen Emotionen zu durchf\u00fchlen und Aspekte zu integrieren, die bisher blockiert waren.<\/p>\n\n\n\n<p>Mit einer Nachricht an&nbsp;<a href=\"mailto:contact@victoriadressel.de\">contact@victoriadressel.de<\/a>&nbsp;und deiner \u00dcberweisung sicherst du dir deinen Platz!<\/p>\n\n\n\n<p>&nbsp;<br>Termine\/Uhrzeit:&nbsp;Freitag,&nbsp;<strong>12. April<\/strong>&nbsp;2025<strong>&nbsp;<\/strong>|&nbsp;<strong>17:00<\/strong>&nbsp;&#8211;&nbsp;<strong>21:00 Uhr<\/strong><br>Price:&nbsp;<strong>99,- EUR<\/strong><br>Kapazit\u00e4t: Pl\u00e4tze begrenzt (15)<br><strong><u>Buchung<\/u><\/strong><strong>:&nbsp;<\/strong>IBAN: DE88 8604 0000 0526 9014 00 oder Paypal&nbsp;<strong>an&nbsp;<\/strong><a href=\"mailto:contact@victoriadressel.de\"><strong>contact@victoriadressel.de<\/strong><\/a><br><br><strong>Buche den&nbsp;<\/strong><strong>Inner Child Workshop<\/strong>&nbsp;und den&nbsp;<strong>WUT-Workshop am 24. Mai<\/strong>&nbsp;gemeinsam f\u00fcr&nbsp;<strong>nur 170 \u20ac<\/strong>&nbsp;statt 198 \u20ac. Sichere dir deinen Platz per \u00dcberweisung oder PayPal an&nbsp;<strong>contact@victoriadressel.de<\/strong>.<\/p>","protected":false},"excerpt":{"rendered":"<p>Ist dir bewusst, das manche Themen &amp; Geschichten scheinbar immer wieder in deinem Leben auftauchen, sich wiederholen? Wenn du genau hinschaust, findest du&#8230;<\/p>","protected":false},"author":8,"featured_media":10104,"comment_status":"open","ping_status":"open","sticky":false,"template":"","format":"standard","meta":{"_monsterinsights_skip_tracking":false,"_monsterinsights_sitenote_active":false,"_monsterinsights_sitenote_note":"","_monsterinsights_sitenote_category":0,"_links_to":"","_links_to_target":""},"categories":[123,75,79,72],"tags":[207,147,146,174,176,208,204,205,206],"_links":{"self":[{"href":"https:\/\/www.victoriadressel.de\/en\/wp-json\/wp\/v2\/posts\/10103"}],"collection":[{"href":"https:\/\/www.victoriadressel.de\/en\/wp-json\/wp\/v2\/posts"}],"about":[{"href":"https:\/\/www.victoriadressel.de\/en\/wp-json\/wp\/v2\/types\/post"}],"author":[{"embeddable":true,"href":"https:\/\/www.victoriadressel.de\/en\/wp-json\/wp\/v2\/users\/8"}],"replies":[{"embeddable":true,"href":"https:\/\/www.victoriadressel.de\/en\/wp-json\/wp\/v2\/comments?post=10103"}],"version-history":[{"count":1,"href":"https:\/\/www.victoriadressel.de\/en\/wp-json\/wp\/v2\/posts\/10103\/revisions"}],"predecessor-version":[{"id":10105,"href":"https:\/\/www.victoriadressel.de\/en\/wp-json\/wp\/v2\/posts\/10103\/revisions\/10105"}],"wp:featuredmedia":[{"embeddable":true,"href":"https:\/\/www.victoriadressel.de\/en\/wp-json\/wp\/v2\/media\/10104"}],"wp:attachment":[{"href":"https:\/\/www.victoriadressel.de\/en\/wp-json\/wp\/v2\/media?parent=10103"}],"wp:term":[{"taxonomy":"category","embeddable":true,"href":"https:\/\/www.victoriadressel.de\/en\/wp-json\/wp\/v2\/categories?post=10103"},{"taxonomy":"post_tag","embeddable":true,"href":"https:\/\/www.victoriadressel.de\/en\/wp-json\/wp\/v2\/tags?post=10103"}],"curies":[{"name":"wp","href":"https:\/\/api.w.org\/{rel}","templated":true}]}}