{"id":6380,"date":"2022-04-12T08:50:35","date_gmt":"2022-04-12T06:50:35","guid":{"rendered":"https:\/\/www.victoriadressel.de\/?p=6380"},"modified":"2023-03-24T22:49:44","modified_gmt":"2023-03-24T21:49:44","slug":"emotional-release","status":"publish","type":"post","link":"https:\/\/www.victoriadressel.de\/en\/2022\/04\/12\/emotional-release\/","title":{"rendered":"EMOTIONAL RELEASE"},"content":{"rendered":"<p>Emotional Release ist eine Methode, die es dir erm\u00f6glicht,&nbsp;<strong>emotionale Traumata und negative Emotionen aufzusp\u00fcren<\/strong>, anzunehmen und loszulassen.<\/p>\n\n\n\n<p>Zu lang festgehaltene&nbsp;<strong>Emotionen manifestieren sich&nbsp;<\/strong>auf unterschiedliche Art und Weise. Verspannungen und Blockaden der Muskulatur sind oftmals Hinweise daf\u00fcr. Im schlimmsten Fall k\u00f6nnen sich&nbsp;diese&nbsp;<strong>als Krankheit manifestieren<\/strong>, auf allen Ebenen.&nbsp;<\/p>\n\n\n\n<p>Eine Emotional-Release-Session braucht gen\u00fcgend Zeit, damit du dich auf k\u00f6rperlicher und mentaler Ebene entspannen kannst. Au\u00dferdem arbeite ich mit einer&nbsp;<strong>bestimmten Atemtechnik und speziellen Ber\u00fchrungen<\/strong>&nbsp;deines K\u00f6rpers, die uns direkt an deine belastenden Themen f\u00fchren. Dadurch k\u00f6nnen wir sofort auf sehr achtsame und nachhaltige Weise arbeiten.&nbsp;<br><\/p>\n\n\n\n<p><strong>F\u00fcr wen ist eine solche Methode geeignet?<\/strong><br>F\u00fcr Menschen, die..<\/p>\n\n\n\n<ul><li>bereit sind sich nicht nur theoretisch mit den eigenen Emotionen zu konfrontieren, sondern es auch zulassen wollen diese zu sp\u00fcren<\/li><li>ihre Verspannungen und Blockaden verstehen sowie l\u00f6sen und die emotionalen Muster dahinter bearbeiten wollen<\/li><li>sich nach Erleichterung sehnen, was k\u00f6rperliche Schmerzen und emotionalen Druck betrifft<\/li><li>Klarheit in ihr Leben bringen m\u00f6chten, in dem sie belastende Emotionen und Traumata unter fachlicher Begleitung bearbeiten<\/li><\/ul>\n\n\n\n<p><strong>M\u00f6chtest du eine Behandlung vereinbaren?<\/strong><br>Dann <strong>schreibe mich unter&nbsp;<a rel=\"noreferrer noopener\" href=\"mailto:contact@victoriadressel.de\" target=\"_blank\">contact@victoriadressel.de<\/a>&nbsp;an<\/strong> und vereinbare einen Termin mit mir.<br><br><br>Hier das Testimonial&nbsp;eines Klienten:<br><em>Die Session bei dir war sehr befreiend. Ich habe mich glaube ich noch nie so offen gezeigt und konnte weggedr\u00fcckte Trauer, Aggression und Scham teils durchleben und nochmal nachf\u00fchlen, die tief in mir vergraben war. Es war wohltuend in deinem gesch\u00fctzen Raum loszulassen. Ich habe gesp\u00fcrt wie mein Kopf gefriert und die Energie in meinem K\u00f6rper \u00fcbergeht. Erst schlief mein komplettes Gesicht ein, dann meine H\u00e4nde, pl\u00f6tzlich waren meine Arme am Vibrieren und danach in die Beine und wieder von vorn. Ich war in einem Rausch des Zulassens und hatte nach der Behandlung einen leeren Kopf und meinen K\u00f6rper wieder gesp\u00fcrt, als w\u00e4re eine leere H\u00fclle wieder gef\u00fcllt worden.<br><br>DANKE von Herzen liebe Victoria f\u00fcr dies intensive, heilende Erfahrung. Mir war nicht bewusst, wieviele Emotionen ich die ganze Zeit unterdr\u00fcckte und diese Erfahrung arbeitet jetzt immer noch 2 Wochen danach. Ich nehme mich mehr an, und f\u00fchle mich verbunden mit mir selbst, ich nehme meine negativen Gef\u00fchlen besser an.<\/em><\/p>","protected":false},"excerpt":{"rendered":"<p>Emotional Release ist eine Methode, die es dir erm\u00f6glicht,&nbsp;emotionale Traumata und negative Emotionen aufzusp\u00fcren, anzunehmen und loszulassen. Zu lang festgehaltene&nbsp;Emotionen manifestieren sich&nbsp;auf unterschiedliche&#8230;<\/p>","protected":false},"author":7,"featured_media":7661,"comment_status":"open","ping_status":"open","sticky":false,"template":"","format":"standard","meta":{"_monsterinsights_skip_tracking":false,"_monsterinsights_sitenote_active":false,"_monsterinsights_sitenote_note":"","_monsterinsights_sitenote_category":0,"_links_to":"","_links_to_target":""},"categories":[75,70,76],"tags":[],"_links":{"self":[{"href":"https:\/\/www.victoriadressel.de\/en\/wp-json\/wp\/v2\/posts\/6380"}],"collection":[{"href":"https:\/\/www.victoriadressel.de\/en\/wp-json\/wp\/v2\/posts"}],"about":[{"href":"https:\/\/www.victoriadressel.de\/en\/wp-json\/wp\/v2\/types\/post"}],"author":[{"embeddable":true,"href":"https:\/\/www.victoriadressel.de\/en\/wp-json\/wp\/v2\/users\/7"}],"replies":[{"embeddable":true,"href":"https:\/\/www.victoriadressel.de\/en\/wp-json\/wp\/v2\/comments?post=6380"}],"version-history":[{"count":5,"href":"https:\/\/www.victoriadressel.de\/en\/wp-json\/wp\/v2\/posts\/6380\/revisions"}],"predecessor-version":[{"id":7662,"href":"https:\/\/www.victoriadressel.de\/en\/wp-json\/wp\/v2\/posts\/6380\/revisions\/7662"}],"wp:featuredmedia":[{"embeddable":true,"href":"https:\/\/www.victoriadressel.de\/en\/wp-json\/wp\/v2\/media\/7661"}],"wp:attachment":[{"href":"https:\/\/www.victoriadressel.de\/en\/wp-json\/wp\/v2\/media?parent=6380"}],"wp:term":[{"taxonomy":"category","embeddable":true,"href":"https:\/\/www.victoriadressel.de\/en\/wp-json\/wp\/v2\/categories?post=6380"},{"taxonomy":"post_tag","embeddable":true,"href":"https:\/\/www.victoriadressel.de\/en\/wp-json\/wp\/v2\/tags?post=6380"}],"curies":[{"name":"wp","href":"https:\/\/api.w.org\/{rel}","templated":true}]}}