{"id":7887,"date":"2023-09-05T14:07:35","date_gmt":"2023-09-05T12:07:35","guid":{"rendered":"https:\/\/www.victoriadressel.de\/?p=7887"},"modified":"2023-09-05T14:07:35","modified_gmt":"2023-09-05T12:07:35","slug":"sz-artikel-ueber-meinen-weg-bis-hierhin","status":"publish","type":"post","link":"https:\/\/www.victoriadressel.de\/en\/2023\/09\/05\/sz-artikel-ueber-meinen-weg-bis-hierhin\/","title":{"rendered":"SZ-Artikel \u00fcber meinen Weg bis hierhin"},"content":{"rendered":"<p><strong><strong>Vom AUSSEN zum INNEN<\/strong><\/strong><\/p>\n\n\n\n<p>Wie ich den Weg der Mode verlassen habe und heute als Coachin f\u00fcr Pers\u00f6nlichkeitsentwicklung &amp; Empowerment wirke, erfahrt ihr in dem Bericht der S\u00fcddeutschen Zeitung (vom <em>03. August 2023<\/em>).<\/p>\n\n\n\n<p>Auf meinem Instagram Profil victoria_dressel (<a href=\"https:\/\/victoriadressel.us6.list-manage.com\/track\/click?u=f1c96a345f147e0d82560a4f3&amp;id=0f49f1c3d1&amp;e=d2b35f429e\" target=\"_blank\" rel=\"noreferrer noopener\">here<\/a>) habe ich den Artikel gepostet (f\u00fcr alle die nicht auf Instagram sind, nach Abschluss eines Probeabos auch <a href=\"https:\/\/victoriadressel.us6.list-manage.com\/track\/click?u=f1c96a345f147e0d82560a4f3&amp;id=58efb28d35&amp;e=d2b35f429e\" target=\"_blank\" rel=\"noreferrer noopener\">here<\/a> zu lesen.)<\/p>\n\n\n\n<p><em>Ein MBA, eine Zeit in Indien, Mut und Vertrauen in mich selbst und das Leben, waren einige wesentliche Aspekte, die mich dorthin gef\u00fchrt haben. Da war kein konkreter Plan, da war auch keine Kohle. Aber eine Ahnung Richtung Freude und ein einfach machen und zwar 100%.<br><br>Heute inspiriere &amp; ermutige ich Menschen ganz vielseitig. Dazu erf\u00e4hrst du auch noch viel mehr auf meiner Webseite www.victoriadressel.de<\/em><\/p>\n\n\n\n<p><em>\u00a9S\u00fcddeutsche Zeitung GmbH, M\u00fcnchen. Mit freundlicher Genehmigung von S\u00fcddeutsche Zeitung Content (<a href=\"https:\/\/victoriadressel.us6.list-manage.com\/track\/click?u=f1c96a345f147e0d82560a4f3&amp;id=693f11636a&amp;e=d2b35f429e\" target=\"_blank\" rel=\"noreferrer noopener\">www.sz-content.de<\/a>)<\/em><\/p>","protected":false},"excerpt":{"rendered":"<p>Vom AUSSEN zum INNEN Wie ich den Weg der Mode verlassen habe und heute als Coachin f\u00fcr Pers\u00f6nlichkeitsentwicklung &amp; Empowerment wirke, erfahrt ihr&#8230;<\/p>","protected":false},"author":8,"featured_media":7888,"comment_status":"open","ping_status":"open","sticky":false,"template":"","format":"standard","meta":{"_monsterinsights_skip_tracking":false,"_monsterinsights_sitenote_active":false,"_monsterinsights_sitenote_note":"","_monsterinsights_sitenote_category":0,"_links_to":"","_links_to_target":""},"categories":[1],"tags":[142,143],"_links":{"self":[{"href":"https:\/\/www.victoriadressel.de\/en\/wp-json\/wp\/v2\/posts\/7887"}],"collection":[{"href":"https:\/\/www.victoriadressel.de\/en\/wp-json\/wp\/v2\/posts"}],"about":[{"href":"https:\/\/www.victoriadressel.de\/en\/wp-json\/wp\/v2\/types\/post"}],"author":[{"embeddable":true,"href":"https:\/\/www.victoriadressel.de\/en\/wp-json\/wp\/v2\/users\/8"}],"replies":[{"embeddable":true,"href":"https:\/\/www.victoriadressel.de\/en\/wp-json\/wp\/v2\/comments?post=7887"}],"version-history":[{"count":1,"href":"https:\/\/www.victoriadressel.de\/en\/wp-json\/wp\/v2\/posts\/7887\/revisions"}],"predecessor-version":[{"id":7889,"href":"https:\/\/www.victoriadressel.de\/en\/wp-json\/wp\/v2\/posts\/7887\/revisions\/7889"}],"wp:featuredmedia":[{"embeddable":true,"href":"https:\/\/www.victoriadressel.de\/en\/wp-json\/wp\/v2\/media\/7888"}],"wp:attachment":[{"href":"https:\/\/www.victoriadressel.de\/en\/wp-json\/wp\/v2\/media?parent=7887"}],"wp:term":[{"taxonomy":"category","embeddable":true,"href":"https:\/\/www.victoriadressel.de\/en\/wp-json\/wp\/v2\/categories?post=7887"},{"taxonomy":"post_tag","embeddable":true,"href":"https:\/\/www.victoriadressel.de\/en\/wp-json\/wp\/v2\/tags?post=7887"}],"curies":[{"name":"wp","href":"https:\/\/api.w.org\/{rel}","templated":true}]}}