{"id":9708,"date":"2024-12-01T20:46:23","date_gmt":"2024-12-01T19:46:23","guid":{"rendered":"https:\/\/www.victoriadressel.de\/?p=9708"},"modified":"2024-12-01T20:46:24","modified_gmt":"2024-12-01T19:46:24","slug":"yoga-im-advent","status":"publish","type":"post","link":"https:\/\/www.victoriadressel.de\/en\/2024\/12\/01\/yoga-im-advent\/","title":{"rendered":"YOGA im ADVENT"},"content":{"rendered":"<p>Hast du Lust auch im Dezember nochmal intensiv Yoga zu praktizieren?<\/p>\n\n\n\n<p>Nutze diese Zeit f\u00fcr etwas mehr Innenschau und Zeit f\u00fcr dich. In dieser Adventszeit biete ich euch immer am Samstagmorgen eine kraftvolle Session an.<\/p>\n\n\n\n<p>Am Sonntagabend gibst du deinem K\u00f6rper und deinem Nervensystem die M\u00f6glichkeit, auf einer tieferen Ebene loszulassen und die Woche f\u00fcr dich in Verbundenheit abzuschlie\u00dfen.<br><br>Schreibe mir eine Mail an&nbsp;<a href=\"mailto:contact@victoriadressel.de\"><strong>contact@victoriadressel.de<\/strong><\/a>&nbsp;und \u00fcberweise&nbsp;<strong>19,00 EUR<\/strong>&nbsp;via Paypal, dann ist dein Platz sicher.<\/p>\n\n\n\n<p><strong><u>Samstag<\/u><\/strong>: 10:00 &#8211; 11:00 Uhr<br>Powerflow &#8211; Energykick<br><strong>07.12.&nbsp;<\/strong>\/&nbsp;<strong>14.12.<\/strong>&nbsp;\/&nbsp;<strong>21.12.<\/strong>&nbsp;\/&nbsp;<strong>28.12.<\/strong><br>&nbsp;<br><strong><u>Sonntag<\/u><\/strong>: 18:30 &#8211; 19:45 Uhr<br>Somatic Yoga<br><strong>01.12.<\/strong><strong>&nbsp;\/<\/strong><strong>&nbsp;08.12.&nbsp;<\/strong>\/<strong>&nbsp;15.12.&nbsp;<\/strong><strong>\/<\/strong><strong>&nbsp;22.12.&nbsp;<\/strong>\/<strong>&nbsp;29.12.<\/strong><\/p>","protected":false},"excerpt":{"rendered":"<p>Hast du Lust auch im Dezember nochmal intensiv Yoga zu praktizieren? Nutze diese Zeit f\u00fcr etwas mehr Innenschau und Zeit f\u00fcr dich. In&#8230;<\/p>","protected":false},"author":8,"featured_media":9709,"comment_status":"open","ping_status":"open","sticky":false,"template":"","format":"standard","meta":{"_monsterinsights_skip_tracking":false,"_monsterinsights_sitenote_active":false,"_monsterinsights_sitenote_note":"","_monsterinsights_sitenote_category":0,"_links_to":"","_links_to_target":""},"categories":[79,70,69],"tags":[83,179,182,180,181],"_links":{"self":[{"href":"https:\/\/www.victoriadressel.de\/en\/wp-json\/wp\/v2\/posts\/9708"}],"collection":[{"href":"https:\/\/www.victoriadressel.de\/en\/wp-json\/wp\/v2\/posts"}],"about":[{"href":"https:\/\/www.victoriadressel.de\/en\/wp-json\/wp\/v2\/types\/post"}],"author":[{"embeddable":true,"href":"https:\/\/www.victoriadressel.de\/en\/wp-json\/wp\/v2\/users\/8"}],"replies":[{"embeddable":true,"href":"https:\/\/www.victoriadressel.de\/en\/wp-json\/wp\/v2\/comments?post=9708"}],"version-history":[{"count":1,"href":"https:\/\/www.victoriadressel.de\/en\/wp-json\/wp\/v2\/posts\/9708\/revisions"}],"predecessor-version":[{"id":9710,"href":"https:\/\/www.victoriadressel.de\/en\/wp-json\/wp\/v2\/posts\/9708\/revisions\/9710"}],"wp:featuredmedia":[{"embeddable":true,"href":"https:\/\/www.victoriadressel.de\/en\/wp-json\/wp\/v2\/media\/9709"}],"wp:attachment":[{"href":"https:\/\/www.victoriadressel.de\/en\/wp-json\/wp\/v2\/media?parent=9708"}],"wp:term":[{"taxonomy":"category","embeddable":true,"href":"https:\/\/www.victoriadressel.de\/en\/wp-json\/wp\/v2\/categories?post=9708"},{"taxonomy":"post_tag","embeddable":true,"href":"https:\/\/www.victoriadressel.de\/en\/wp-json\/wp\/v2\/tags?post=9708"}],"curies":[{"name":"wp","href":"https:\/\/api.w.org\/{rel}","templated":true}]}}